{"id":1008,"date":"2020-06-24T16:34:31","date_gmt":"2020-06-24T16:34:31","guid":{"rendered":"http:\/\/letisserin.org\/?p=1008"},"modified":"2020-06-24T16:34:31","modified_gmt":"2020-06-24T16:34:31","slug":"distribution-de-vivre-et-sensibilisation-sur-le-covid-19","status":"publish","type":"post","link":"https:\/\/letisserin.org\/?p=1008","title":{"rendered":"Distribution de vivre et sensibilisation sur le covid-19"},"content":{"rendered":"\n<p>Dans le cadre de la protection et l&rsquo;accompagnement des enfants et jeunes handicap\u00e9s, Le Tisserin a poursuivi ses s\u00e9ances de sensibilisation sur le covid-19 et de distribution de vivres les 29 et 30 mai 2020 \u00e0 son si\u00e8ge \u00e0 un total de soixante parents.<\/p>\n\n\n\n<figure class=\"wp-block-gallery columns-3 is-cropped wp-block-gallery-1 is-layout-flex wp-block-gallery-is-layout-flex\"><ul class=\"blocks-gallery-grid\"><li class=\"blocks-gallery-item\"><figure><img decoding=\"async\" src=\"https:\/\/letisserin.org\/wp-content\/uploads\/2020\/06\/WhatsApp-Image-2020-06-11-at-14.48.43-1024x767.jpeg\" alt=\"\" data-id=\"1009\" class=\"wp-image-1009\"\/><figcaption class=\"blocks-gallery-item__caption\">les vivres et le savon \u00e0 distribuer<\/figcaption><\/figure><\/li><li class=\"blocks-gallery-item\"><figure><img decoding=\"async\" src=\"https:\/\/letisserin.org\/wp-content\/uploads\/2020\/06\/WhatsApp-Image-2020-06-11-at-14.48.47-767x1024.jpeg\" alt=\"\" data-id=\"1010\" data-link=\"https:\/\/letisserin.org\/?attachment_id=1010\" class=\"wp-image-1010\"\/><\/figure><\/li><li class=\"blocks-gallery-item\"><figure><img decoding=\"async\" src=\"https:\/\/letisserin.org\/wp-content\/uploads\/2020\/06\/WhatsApp-Image-2020-06-11-at-14.48.48-767x1024.jpeg\" alt=\"\" data-id=\"1011\" data-link=\"https:\/\/letisserin.org\/?attachment_id=1011\" class=\"wp-image-1011\"\/><figcaption class=\"blocks-gallery-item__caption\">une vue de l&rsquo;assistance<\/figcaption><\/figure><\/li><li class=\"blocks-gallery-item\"><figure><img decoding=\"async\" src=\"https:\/\/letisserin.org\/wp-content\/uploads\/2020\/06\/WhatsApp-Image-2020-06-11-at-14.48.56-767x1024.jpeg\" alt=\"\" data-id=\"1012\" data-link=\"https:\/\/letisserin.org\/?attachment_id=1012\" class=\"wp-image-1012\"\/><\/figure><\/li><li class=\"blocks-gallery-item\"><figure><img decoding=\"async\" src=\"https:\/\/letisserin.org\/wp-content\/uploads\/2020\/06\/WhatsApp-Image-2020-06-11-at-14.48.57-1-767x1024.jpeg\" alt=\"\" data-id=\"1013\" data-link=\"https:\/\/letisserin.org\/?attachment_id=1013\" class=\"wp-image-1013\"\/><figcaption class=\"blocks-gallery-item__caption\">remise de don par le Secr\u00e9taire G\u00e9n\u00e9ral du Tisserin<\/figcaption><\/figure><\/li><li class=\"blocks-gallery-item\"><figure><img decoding=\"async\" src=\"https:\/\/letisserin.org\/wp-content\/uploads\/2020\/06\/WhatsApp-Image-2020-06-11-at-14.48.57-2-767x1024.jpeg\" alt=\"\" data-id=\"1014\" data-link=\"https:\/\/letisserin.org\/?attachment_id=1014\" class=\"wp-image-1014\"\/><\/figure><\/li><li class=\"blocks-gallery-item\"><figure><img decoding=\"async\" src=\"https:\/\/letisserin.org\/wp-content\/uploads\/2020\/06\/WhatsApp-Image-2020-06-11-at-14.48.58-1024x767.jpeg\" alt=\"\" data-id=\"1015\" data-link=\"https:\/\/letisserin.org\/?attachment_id=1015\" class=\"wp-image-1015\"\/><\/figure><\/li><li class=\"blocks-gallery-item\"><figure><img decoding=\"async\" src=\"https:\/\/letisserin.org\/wp-content\/uploads\/2020\/06\/WhatsApp-Image-2020-06-11-at-14.48.49-767x1024.jpeg\" alt=\"\" data-id=\"1016\" data-link=\"https:\/\/letisserin.org\/?attachment_id=1016\" class=\"wp-image-1016\"\/><\/figure><\/li><li class=\"blocks-gallery-item\"><figure><img decoding=\"async\" src=\"https:\/\/letisserin.org\/wp-content\/uploads\/2020\/06\/WhatsApp-Image-2020-06-11-at-14.48.58-1-1024x767.jpeg\" alt=\"\" data-id=\"1017\" data-link=\"https:\/\/letisserin.org\/?attachment_id=1017\" class=\"wp-image-1017\"\/><figcaption class=\"blocks-gallery-item__caption\">remise de don par la tr\u00e9sori\u00e8re du Tisserin <\/figcaption><\/figure><\/li><li class=\"blocks-gallery-item\"><figure><img decoding=\"async\" src=\"https:\/\/letisserin.org\/wp-content\/uploads\/2020\/06\/WhatsApp-Image-2020-06-11-at-14.48.48-1-1024x767.jpeg\" alt=\"\" data-id=\"1018\" data-link=\"https:\/\/letisserin.org\/?attachment_id=1018\" class=\"wp-image-1018\"\/><\/figure><\/li><li class=\"blocks-gallery-item\"><figure><img decoding=\"async\" src=\"https:\/\/letisserin.org\/wp-content\/uploads\/2020\/06\/WhatsApp-Image-2020-06-11-at-14.48.57-767x1024.jpeg\" alt=\"\" data-id=\"1019\" data-full-url=\"https:\/\/letisserin.org\/wp-content\/uploads\/2020\/06\/WhatsApp-Image-2020-06-11-at-14.48.57.jpeg\" data-link=\"https:\/\/letisserin.org\/?attachment_id=1019\" class=\"wp-image-1019\"\/><\/figure><\/li><\/ul><\/figure>\n\n\n\n<p> Quelques photos des c\u00e9r\u00e9monies de remise de vivre et des rencontres de sensibilisation <\/p>\n","protected":false},"excerpt":{"rendered":"<p>Dans le cadre de la protection et l&rsquo;accompagnement des enfants et jeunes handicap\u00e9s, Le Tisserin a poursuivi ses s\u00e9ances de sensibilisation sur le covid-19 et de distribution de vivres les 29 et 30 mai 2020 \u00e0 son si\u00e8ge \u00e0 un total de soixante parents. Quelques photos des c\u00e9r\u00e9monies de remise de vivre et des rencontres [&hellip;]<\/p>\n","protected":false},"author":1,"featured_media":0,"comment_status":"closed","ping_status":"closed","sticky":false,"template":"","format":"standard","meta":{"footnotes":""},"categories":[3],"tags":[],"class_list":["post-1008","post","type-post","status-publish","format-standard","hentry","category-actualites"],"_links":{"self":[{"href":"https:\/\/letisserin.org\/index.php?rest_route=\/wp\/v2\/posts\/1008","targetHints":{"allow":["GET"]}}],"collection":[{"href":"https:\/\/letisserin.org\/index.php?rest_route=\/wp\/v2\/posts"}],"about":[{"href":"https:\/\/letisserin.org\/index.php?rest_route=\/wp\/v2\/types\/post"}],"author":[{"embeddable":true,"href":"https:\/\/letisserin.org\/index.php?rest_route=\/wp\/v2\/users\/1"}],"replies":[{"embeddable":true,"href":"https:\/\/letisserin.org\/index.php?rest_route=%2Fwp%2Fv2%2Fcomments&post=1008"}],"version-history":[{"count":0,"href":"https:\/\/letisserin.org\/index.php?rest_route=\/wp\/v2\/posts\/1008\/revisions"}],"wp:attachment":[{"href":"https:\/\/letisserin.org\/index.php?rest_route=%2Fwp%2Fv2%2Fmedia&parent=1008"}],"wp:term":[{"taxonomy":"category","embeddable":true,"href":"https:\/\/letisserin.org\/index.php?rest_route=%2Fwp%2Fv2%2Fcategories&post=1008"},{"taxonomy":"post_tag","embeddable":true,"href":"https:\/\/letisserin.org\/index.php?rest_route=%2Fwp%2Fv2%2Ftags&post=1008"}],"curies":[{"name":"wp","href":"https:\/\/api.w.org\/{rel}","templated":true}]}}