{"id":1046,"date":"2014-04-16T19:19:00","date_gmt":"2014-04-16T19:19:00","guid":{"rendered":"http:\/\/letisserin.org\/?p=1046"},"modified":"2014-04-16T19:19:00","modified_gmt":"2014-04-16T19:19:00","slug":"partenariat-unicef-burkina-faso-avec-le-tisserin","status":"publish","type":"post","link":"https:\/\/letisserin.org\/?p=1046","title":{"rendered":"Partenariat UNICEF Burkina Faso avec le TISSERIN"},"content":{"rendered":"\n<p><strong>Jeudi 14&nbsp;ao\u00fbt&nbsp;2014 lancement des activit\u00e9s de d\u00e9pistage des maladies handicapantes chez les&nbsp;enfants de 0 \u00e0 6 ans dans le cadre du \u00ab&nbsp;projet de prise en charge pr\u00e9coce des enfants vivant avec un handicap dans le 9<sup>\u00e8me<\/sup> arrondissement de la commune de Ouagadougou&nbsp;\u00bb<\/strong><\/p>\n\n\n\n<p><strong>Partenariat TISSERIN-UNICEF Burkina Faso<\/strong><\/p>\n\n\n\n<p>Le 12 mai 2014, un accord de coop\u00e9ration a \u00e9t\u00e9 sign\u00e9 entre le Fonds des Nations Unies pour l\u2019Enfance (UNICEF) et l&rsquo;Association Le Tisserin pour la prise en charge pr\u00e9coce des enfants vivant avec un handicap dans le 9\u00e8me arrondissement de la commune de Ouagadougou, le lancement des activit\u00e9s de d\u00e9pistage des maladies handicapantes chez les enfants de 0 \u00e0 6 ans aura lieu ce jeudi 14 ao\u00fbt dans l\u2019enceinte du Centre de Sant\u00e9 et de promotion sociale (CSPS) de Pazani, secteur 38.<\/p>\n\n\n\n<div class=\"wp-block-image\"><figure class=\"alignleft\"><a href=\"https:\/\/letisserin.org\/wp-content\/uploads\/2014\/08\/100_2749-web.jpg\"><img decoding=\"async\" src=\"https:\/\/letisserin.org\/wp-content\/uploads\/2014\/08\/100_2749-web-300x224.jpg\" alt=\"File d'attente lors d'une s\u00e9ance de d\u00e9pistage\" class=\"wp-image-401\"\/><\/a><figcaption>File d&rsquo;attente lors d&rsquo;une s\u00e9ance de d\u00e9pistage<\/figcaption><\/figure><\/div>\n\n\n\n<p>Le projet d\u00e9veloppe des actions au niveau des communaut\u00e9s de base et met en place un dispositif fonctionnel entre les communaut\u00e9s et les acteurs institutionnels int\u00e9ress\u00e9s par la protection et la promotion des enfants vivant avec un handicap. Il s\u2019agit de mobiliser les communaut\u00e9s et de les accompagner en vue d\u2019une protection et d\u2019une promotion des droits des enfants vivant avec un handicap en mettant l\u2019accent sur le recours aux ressources disponibles et propres \u00e0 la communaut\u00e9. Pour y parvenir, le projet d\u00e9veloppe des actions cibl\u00e9es sur les enfants \u00e0 risque en g\u00e9n\u00e9ral et ceux vivant avec un handicap en particulier. Il s\u2019agit notamment d\u2019un d\u00e9pistage g\u00e9n\u00e9ral des maladies handicapantes cibl\u00e9 sur mille cinq cents (1 500) enfants de z\u00e9ro \u00e0 six ans et de r\u00e9aliser la prise en charge d\u2019environ cent cinquante (150) d\u2019entre eux qui seront \u00e9ventuellement d\u00e9pist\u00e9s porteurs de handicap (soit 10% du nombre total des enfants d\u00e9pist\u00e9s selon les statistiques de l\u2019OMS) \u00e0 travers trois niveaux d\u2019intervention distincts et compl\u00e9mentaires.<\/p>\n\n\n\n<p>Le premier niveau permettra de disponibiliser des outils\/guides de prise en charge des enfants vivant avec un handicap sensoriel qui aideront non seulement \u00e0 diagnostiquer de fa\u00e7on pr\u00e9coce les cas de handicaps sensoriels chez l\u2019enfant, mais aussi \u00e0 recourir aux ressources locales en vue de la r\u00e9\u00e9ducation fonctionnelle et du d\u00e9veloppement des aptitudes et autres potentialit\u00e9s de l\u2019enfant.<\/p>\n\n\n\n<p>D\u2019autre part, le projet d\u00e9veloppe des actions de soutien direct aux enfants vivant avec le handicap \u00e0 travers une assistance cibl\u00e9e sur la satisfaction des besoins sociaux de base de ces enfants. La derni\u00e8re composante se veut transversale et concerne le renforcement des capacit\u00e9s des acteurs dans l\u2019accompagnement communautaire \u00e0 la prise en charge des enfants vivant avec un handicap.<\/p>\n\n\n\n<p><strong>R\u00e9sultats attendus<\/strong><\/p>\n\n\n\n<ul class=\"wp-block-list\"><li>les besoins sociaux de base de 150 enfants vivant avec un handicap sont satisfaits&nbsp;;<\/li><li>des outils \/guides sur la prise en charge des enfants vivant avec un handicap auditif ou visuel sont disponibles aupr\u00e8s des acteurs&nbsp;;<\/li><li>les acteurs institutionnels et communautaires de la prise en charge des enfants vivant avec un handicap sont sensibilis\u00e9s et form\u00e9s \u00e0 l\u2019identification pr\u00e9coce et \u00e0 l\u2019accompagnement des enfants<\/li><\/ul>\n\n\n\n<p><strong>Cibles et B\u00e9n\u00e9ficiaires du Projet <\/strong><\/p>\n\n\n\n<ul class=\"wp-block-list\"><li>les enfants \u00e0 risque ou vivant avec un handicap&nbsp;de 0 \u00e0 6 ans;<\/li><li>les parents et les membres des familles des enfants vivant avec un handicap&nbsp;;<\/li><li>les acteurs institutionnels de la prise en charge des enfants (agents de sant\u00e9, travailleurs sociaux, agents r\u00e9\u00e9ducateurs\u2026)<\/li><\/ul>\n\n\n\n<p><strong>Partenaires locaux<\/strong><\/p>\n\n\n\n<ul class=\"wp-block-list\"><li>Service social de Signoghin&nbsp;;<\/li><li>District sanitaire de Signoghin&nbsp;;<\/li><li>CMA Paul VI&nbsp;;<\/li><li>Conseil Municipal de l\u2019arrondissement n\u00b09.<\/li><\/ul>\n\n\n\n<p><strong>Dur\u00e9e totale de l&rsquo;action<\/strong>: 12 mois<\/p>\n","protected":false},"excerpt":{"rendered":"<p>Jeudi 14&nbsp;ao\u00fbt&nbsp;2014 lancement des activit\u00e9s de d\u00e9pistage des maladies handicapantes chez les&nbsp;enfants de 0 \u00e0 6 ans dans le cadre du \u00ab&nbsp;projet de prise en charge pr\u00e9coce des enfants vivant avec un handicap dans le 9\u00e8me arrondissement de la commune de Ouagadougou&nbsp;\u00bb Partenariat TISSERIN-UNICEF Burkina Faso Le 12 mai 2014, un accord de coop\u00e9ration a [&hellip;]<\/p>\n","protected":false},"author":1,"featured_media":0,"comment_status":"closed","ping_status":"closed","sticky":false,"template":"","format":"standard","meta":{"footnotes":""},"categories":[4],"tags":[],"class_list":["post-1046","post","type-post","status-publish","format-standard","hentry","category-projets_realises"],"_links":{"self":[{"href":"https:\/\/letisserin.org\/index.php?rest_route=\/wp\/v2\/posts\/1046","targetHints":{"allow":["GET"]}}],"collection":[{"href":"https:\/\/letisserin.org\/index.php?rest_route=\/wp\/v2\/posts"}],"about":[{"href":"https:\/\/letisserin.org\/index.php?rest_route=\/wp\/v2\/types\/post"}],"author":[{"embeddable":true,"href":"https:\/\/letisserin.org\/index.php?rest_route=\/wp\/v2\/users\/1"}],"replies":[{"embeddable":true,"href":"https:\/\/letisserin.org\/index.php?rest_route=%2Fwp%2Fv2%2Fcomments&post=1046"}],"version-history":[{"count":0,"href":"https:\/\/letisserin.org\/index.php?rest_route=\/wp\/v2\/posts\/1046\/revisions"}],"wp:attachment":[{"href":"https:\/\/letisserin.org\/index.php?rest_route=%2Fwp%2Fv2%2Fmedia&parent=1046"}],"wp:term":[{"taxonomy":"category","embeddable":true,"href":"https:\/\/letisserin.org\/index.php?rest_route=%2Fwp%2Fv2%2Fcategories&post=1046"},{"taxonomy":"post_tag","embeddable":true,"href":"https:\/\/letisserin.org\/index.php?rest_route=%2Fwp%2Fv2%2Ftags&post=1046"}],"curies":[{"name":"wp","href":"https:\/\/api.w.org\/{rel}","templated":true}]}}