{"id":998,"date":"2020-06-04T18:42:00","date_gmt":"2020-06-04T18:42:00","guid":{"rendered":"http:\/\/letisserin.org\/?p=998"},"modified":"2020-06-04T18:42:00","modified_gmt":"2020-06-04T18:42:00","slug":"protection-et-accompagnement-des-enfants-et-jeunes-handicapes","status":"publish","type":"post","link":"https:\/\/letisserin.org\/?p=998","title":{"rendered":"Protection et accompagnement des enfants et jeunes handicap\u00e9s"},"content":{"rendered":"\n<h2 class=\"wp-block-heading\"> Distribution de vivre et sensibilisation sur le covid-19  <\/h2>\n\n\n\n<p>Dans le cadre de ses activit\u00e9s de protection et d\u2019accompagnement des enfants et jeunes handicap\u00e9s, Le tisserin a apport\u00e9 un appui en vivre aux parents vuln\u00e9rables. Tenant compte du contexte de la pand\u00e9mie du Covid-19, l\u2019association le TISSERIN a saisi l\u2019occasion de la r\u00e9union des parents tenue le 11 avril 2020 pour faire passer des messages de sensibilisation et d\u2019information sur la maladie li\u00e9e au COVID-19. Au total trente-deux (32) parents ont pris part.<\/p>\n\n\n\n<p>L&rsquo;objectif principal de la rencontre \u00e9tait de soutenir les parents des enfants suivis par l&rsquo;association le Tisserin en vivre afin de renforcer leur r\u00e9silience face aux mesures de confinement prises par le Gouvernement pour faire face \u00e0 la propagation du Covid-19.<\/p>\n\n\n\n<p>Les s\u00e9ances de sensibilisation sur le Covid-19 ont \u00e9t\u00e9 pr\u00e9c\u00e9d\u00e9es par une remise symbolique et une distribution de vivre .\u00a0  Les parents ont \u00e9t\u00e9 r\u00e9partis en trois de 10 avec les rendez-vous \u00e0 des heures diff\u00e9rentes\u00a0 <\/p>\n\n\n\n<p>Apr\u00e8s l\u2019installation des parents et jeunes en respectant la distanciation et en distribuant des cache-nez aux parents. M. KIEMDE Inoussa Secr\u00e9taire G\u00e9n\u00e9ral accompagn\u00e9 de KABORE Mariam Tr\u00e9sori\u00e8re, a pris la parole au nom du Tisserin, pour souhaiter la bienvenue au parents et situer les objectifs de la rencontre. A savoir :<\/p>\n\n\n\n<ul class=\"wp-block-list\"><li>Sensibiliser les parents sur pand\u00e9mie\ndu covid-19&nbsp;;<\/li><li>Rappeler les mesures prises par\nl\u2019Etat pour la lutte contre le covid-19&nbsp;;<\/li><li>Faire des d\u00e9monstrations sur les\nlavages des mains&nbsp;;<\/li><li>Faire des dons en vivre compte tenue\ndes mesures de confinement, la fermeture des march\u00e9s et yaars, la fermeture des\n\u00e9coles et des activit\u00e9s commerciales du secteur informel et la quarantaine des\nvilles touch\u00e9es par le covid-19 qui augmentent la pr\u00e9carit\u00e9 des enfants et\njeunes handicap\u00e9s et de leurs familles qui \u00e9taient d\u00e9j\u00e0 dans une situation\nvuln\u00e9rable avant cette pand\u00e9mie. A titre d\u2019exemples plusieurs familles vivent\n\u00ab&nbsp;au jour le jour&nbsp;\u00bb et se retrouvent dans l\u2019incapacit\u00e9 de subvenir \u00e0\nleur besoin de base suite \u00e0 la situation qu\u2019impose le covid-19.<\/li><\/ul>\n\n\n\n<p>Ensuite la parole a \u00e9t\u00e9 donn\u00e9e aux participants pour leur permettre  d\u2019\u00e9changer sur la pand\u00e9mie du coronavirus tout en demandant de respecter les consignes prises surtout d\u2019appeler sur le num\u00e9ro vert 3535 d\u00e8s que l\u2019on pr\u00e9sente certains signes du covid-19. <\/p>\n\n\n\n<p>En contexte de pand\u00e9mie, la vuln\u00e9rabilit\u00e9 des parents d\u2019enfants handicap\u00e9s augmente et s\u2019aggrave. Expos\u00e9s \u00e0 la maladie et aux mesures restrictives de lutte contre la maladie, les parents peinent \u00e0 avoir acc\u00e8s aux services d\u2019aide et de soutien n\u00e9cessaires. <\/p>\n\n\n\n<p>Il convient donc de multiplier les actions de sensibilisation, de soutien et de protection \u00e0 leur \u00e9gard, il y va de la survie de ces enfants.<\/p>\n\n\n\n<p>En conclusion, ces rencontres ont \u00e9t\u00e9 riche en partages d\u2019exp\u00e9riences, d\u2019\u00e9changes surtout des moments d\u2019\u00e9motion au regard de la joie des parents des enfants suivis par le Tisserin.<\/p>\n\n\n\n<figure class=\"wp-block-gallery columns-3 is-cropped wp-block-gallery-1 is-layout-flex wp-block-gallery-is-layout-flex\"><ul class=\"blocks-gallery-grid\"><li class=\"blocks-gallery-item\"><figure><img decoding=\"async\" src=\"https:\/\/letisserin.org\/wp-content\/uploads\/2020\/06\/WhatsApp-Image-2020-04-17-at-16.39.59-767x1024.jpeg\" alt=\"\" data-id=\"999\" data-link=\"https:\/\/letisserin.org\/?attachment_id=999\" class=\"wp-image-999\"\/><\/figure><\/li><li class=\"blocks-gallery-item\"><figure><img decoding=\"async\" src=\"https:\/\/letisserin.org\/wp-content\/uploads\/2020\/06\/WhatsApp-Image-2020-04-17-at-16.40.01-767x1024.jpeg\" alt=\"\" data-id=\"1000\" data-link=\"https:\/\/letisserin.org\/?attachment_id=1000\" class=\"wp-image-1000\"\/><\/figure><\/li><li class=\"blocks-gallery-item\"><figure><img decoding=\"async\" src=\"https:\/\/letisserin.org\/wp-content\/uploads\/2020\/06\/WhatsApp-Image-2020-04-17-at-16.39.57-767x1024.jpeg\" alt=\"\" data-id=\"1001\" data-link=\"https:\/\/letisserin.org\/?attachment_id=1001\" class=\"wp-image-1001\"\/><\/figure><\/li><li class=\"blocks-gallery-item\"><figure><img decoding=\"async\" src=\"https:\/\/letisserin.org\/wp-content\/uploads\/2020\/06\/WhatsApp-Image-2020-04-17-at-16.39.58-767x1024.jpeg\" alt=\"\" data-id=\"1002\" data-link=\"https:\/\/letisserin.org\/?attachment_id=1002\" class=\"wp-image-1002\"\/><\/figure><\/li><li class=\"blocks-gallery-item\"><figure><img decoding=\"async\" src=\"https:\/\/letisserin.org\/wp-content\/uploads\/2020\/06\/WhatsApp-Image-2020-04-17-at-16.40.30-767x1024.jpeg\" alt=\"\" data-id=\"1003\" data-link=\"https:\/\/letisserin.org\/?attachment_id=1003\" class=\"wp-image-1003\"\/><\/figure><\/li><li class=\"blocks-gallery-item\"><figure><img decoding=\"async\" src=\"https:\/\/letisserin.org\/wp-content\/uploads\/2020\/06\/WhatsApp-Image-2020-04-17-at-16.40.35-767x1024.jpeg\" alt=\"\" data-id=\"1004\" data-full-url=\"https:\/\/letisserin.org\/wp-content\/uploads\/2020\/06\/WhatsApp-Image-2020-04-17-at-16.40.35.jpeg\" data-link=\"https:\/\/letisserin.org\/?attachment_id=1004\" class=\"wp-image-1004\"\/><\/figure><\/li><\/ul><\/figure>\n\n\n\n<p>Quelques photos des c\u00e9r\u00e9monies de remise de vivre et des rencontres de sensibilisation<\/p>\n","protected":false},"excerpt":{"rendered":"<p>Distribution de vivre et sensibilisation sur le covid-19 Dans le cadre de ses activit\u00e9s de protection et d\u2019accompagnement des enfants et jeunes handicap\u00e9s, Le tisserin a apport\u00e9 un appui en vivre aux parents vuln\u00e9rables. Tenant compte du contexte de la pand\u00e9mie du Covid-19, l\u2019association le TISSERIN a saisi l\u2019occasion de la r\u00e9union des parents tenue [&hellip;]<\/p>\n","protected":false},"author":1,"featured_media":0,"comment_status":"closed","ping_status":"closed","sticky":false,"template":"","format":"standard","meta":{"footnotes":""},"categories":[3],"tags":[],"class_list":["post-998","post","type-post","status-publish","format-standard","hentry","category-actualites"],"_links":{"self":[{"href":"https:\/\/letisserin.org\/index.php?rest_route=\/wp\/v2\/posts\/998","targetHints":{"allow":["GET"]}}],"collection":[{"href":"https:\/\/letisserin.org\/index.php?rest_route=\/wp\/v2\/posts"}],"about":[{"href":"https:\/\/letisserin.org\/index.php?rest_route=\/wp\/v2\/types\/post"}],"author":[{"embeddable":true,"href":"https:\/\/letisserin.org\/index.php?rest_route=\/wp\/v2\/users\/1"}],"replies":[{"embeddable":true,"href":"https:\/\/letisserin.org\/index.php?rest_route=%2Fwp%2Fv2%2Fcomments&post=998"}],"version-history":[{"count":0,"href":"https:\/\/letisserin.org\/index.php?rest_route=\/wp\/v2\/posts\/998\/revisions"}],"wp:attachment":[{"href":"https:\/\/letisserin.org\/index.php?rest_route=%2Fwp%2Fv2%2Fmedia&parent=998"}],"wp:term":[{"taxonomy":"category","embeddable":true,"href":"https:\/\/letisserin.org\/index.php?rest_route=%2Fwp%2Fv2%2Fcategories&post=998"},{"taxonomy":"post_tag","embeddable":true,"href":"https:\/\/letisserin.org\/index.php?rest_route=%2Fwp%2Fv2%2Ftags&post=998"}],"curies":[{"name":"wp","href":"https:\/\/api.w.org\/{rel}","templated":true}]}}